{"id":69008,"date":"2026-09-03T16:17:40","date_gmt":"2026-09-03T14:17:40","guid":{"rendered":"https:\/\/www.institucioibars.com\/soledat-no-desitjada-en-gent-gran-com-reconeixer-la-i-que-fer-a-barcelona\/"},"modified":"2026-09-03T18:32:21","modified_gmt":"2026-09-03T16:32:21","slug":"soledat-no-desitjada-en-gent-gran-com-reconeixer-la-i-que-fer-a-barcelona","status":"publish","type":"post","link":"https:\/\/www.institucioibars.com\/ca\/soledat-no-desitjada-en-gent-gran-com-reconeixer-la-i-que-fer-a-barcelona\/","title":{"rendered":"Soledat no desitjada en gent gran: com recon\u00e8ixer-la i qu\u00e8 fer a Barcelona"},"content":{"rendered":"\t\t<div data-elementor-type=\"wp-post\" data-elementor-id=\"69008\" class=\"elementor elementor-69008 elementor-68998\">\n\t\t\t\t<div class=\"elementor-element elementor-element-daf9409 e-flex e-con-boxed wpr-particle-no wpr-jarallax-no wpr-parallax-no wpr-sticky-section-no e-con e-parent\" data-id=\"daf9409\" data-element_type=\"container\">\n\t\t\t\t\t<div class=\"e-con-inner\">\n\t\t\t\t<div class=\"elementor-element elementor-element-2cac3ac elementor-widget elementor-widget-text-editor\" data-id=\"2cac3ac\" data-element_type=\"widget\" data-widget_type=\"text-editor.default\">\n\t\t\t\t<div class=\"elementor-widget-container\">\n\t\t\t\t\t\t\t<p dir=\"ltr\">Hi ha cases que, des de fora, semblen normals.<\/p>\n<p dir=\"ltr\">El pis \u00e9s net. La nevera t\u00e9 menjar. La persona gran diu que est\u00e0 b\u00e9. Per\u00f2 quan vost\u00e8 surt per la porta i baixa a l&#8217;ascensor, li pesa alguna cosa. Una sensaci\u00f3 que no sap gaire b\u00e9 com anomenar.   <\/p>\n<p dir=\"ltr\">All\u00f2 que sent t\u00e9 nom: solitud no desitjada. I afecta un de cada cinc m\u00e9s grans de 75 anys a Espanya. <\/p>\n<hr>\n<h3 dir=\"ltr\">Qu\u00e8 \u00e9s la soledat no desitjada i per qu\u00e8 \u00e9s diferent d&#8217;estar sol<\/h3>\n<p dir=\"ltr\">Estar sol no \u00e9s el mateix que sentir-se sol.<\/p>\n<p dir=\"ltr\">Una persona pot triar passar la tarda sense companyia i trobar-se b\u00e9. Una altra pot tenir fam\u00edlia, ve\u00efns, fins i tot una televisi\u00f3 encesa tot el dia, i viure en un a\u00efllament que ning\u00fa no veu.<\/p>\n<p dir=\"ltr\">La solitud no desitjada \u00e9s aix\u00f2: la percepci\u00f3 que les relacions que es tenen s\u00f3n insuficients, que ning\u00fa hi \u00e9s realment. No \u00e9s una elecci\u00f3. S&#8217;hi imposa. I quan s&#8217;hi instal\u00b7la, persisteix.   <\/p>\n<p dir=\"ltr\">A Barcelona, \u200b\u200bcom a qualsevol ciutat gran, aquesta realitat t\u00e9 una cara molt concreta: persones grans que viuen soles a pisos de l&#8217;Eixample, de Gr\u00e0cia, de Sant Andreu, envoltades de ve\u00efns que no coneixen. La ciutat pot ser un dels llocs m\u00e9s solitaris del m\u00f3n quan no es tenen vincles. <\/p>\n<p dir=\"ltr\">Aquest any, el Govern va aprovar el Marc Estrat\u00e8gic Estatal de les Soledats 2026-2030, reconeixent per primera vegada que es tracta d&#8217;un problema de salut p\u00fablica. No \u00e9s anecd\u00f2tic. \u00c9s estructural.  <\/p>\n<hr>\n<h3 dir=\"ltr\">Per qu\u00e8 la gent gran \u00e9s m\u00e9s vulnerable<\/h3>\n<p dir=\"ltr\">Amb l&#8217;edat, els vincles es van trencant un per un.<\/p>\n<p dir=\"ltr\">Els amics moren. Els fills viuen lluny o tenen les seves pr\u00f2pies vides plenes. La jubilaci\u00f3 elimina de cop el contacte diari amb altres persones. Una caiguda, una malaltia, la p\u00e8rdua de mobilitat: qualsevol cosa pot convertir la casa en una g\u00e0bia invisible.   <\/p>\n<p dir=\"ltr\">Les dones de m\u00e9s de 75 anys s\u00f3n especialment vulnerables. Tenen 7,8 punts m\u00e9s de prevalen\u00e7a de solitud que els homes de la seva mateixa edat, en gran part perqu\u00e8 la seva esperan\u00e7a de vida \u00e9s m\u00e9s gran i sovint enviuden. El 82% de les persones v\u00eddues de m\u00e9s de 70 anys s\u00f3n dones.  <\/p>\n<p dir=\"ltr\">La solitud no \u00e9s nom\u00e9s tristesa. T\u00e9 conseq\u00fc\u00e8ncies f\u00edsiques mesurables: augmenta el risc de deteriorament cognitiu, de depressi\u00f3, malalties cardiovasculars. Segons el nou estudi de l&#8217;Observatori Estatal de la Soledat No desitjada publicat el 2026, la soledat i la salut mental es retroalimenten. Una alimenta l&#8217;altra.   <\/p>\n<hr>\n<h3 dir=\"ltr\">Senyals que indiquen que el seu familiar pot estar patint solitud<\/h3>\n<p dir=\"ltr\">No sempre ho diran. Moltes persones grans aprenen a guardar silenci sobre el que els fa mal. <\/p>\n<p dir=\"ltr\">Estigui atent a aquests indicis:<\/p>\n<ul dir=\"ltr\">\n<li><strong>Truca amb m\u00e9s freq\u00fc\u00e8ncia<\/strong> del que \u00e9s habitual, o fa trucades molt llargues sobre temes sense import\u00e0ncia \u2014en realitat, el que busca \u00e9s la veu d&#8217;alg\u00fa.<\/li>\n<li><strong>Ha deixat de sortir<\/strong> , d&#8217;arreglar-se, de fer les coses que li agradaven abans.<\/li>\n<li><strong>Menja malament o ha perdut pes<\/strong> sense causa m\u00e8dica aparent \u2014 cuinar per a un de sol acaba sent desmotivador.<\/li>\n<li><strong>Dorm massa<\/strong> o t\u00e9 l&#8217;horari completament alterat &#8211; el dia perd estructura quan ning\u00fa no l&#8217;organitza.<\/li>\n<li><strong>Es mostra irritable o trist<\/strong> sense ra\u00f3 concreta, o al contrari, excessivament content quan vost\u00e8 arriba &#8211; perqu\u00e8 la seva visita \u00e9s l\u00fanic moment de connexi\u00f3 real de la setmana.<\/li>\n<li><strong>Parla molt del passat<\/strong> &#8211; quan el present \u00e9s buit, el passat omple l&#8217;espai.<\/li>\n<\/ul>\n<p dir=\"ltr\">Una dada que fa pensar: el 22,9% de les persones que pateixen solitud no desitjada a Espanya l&#8217;experimenten tot el dia. Tot el dia. Sense un moment de connexi\u00f3 genu\u00efna.  <\/p>\n<hr>\n<h3 dir=\"ltr\">Qu\u00e8 pot fer la fam\u00edlia per ajudar<\/h3>\n<p dir=\"ltr\">La solitud no es resol amb visites espor\u00e0diques. Ni amb trucades dels diumenges. Cal pres\u00e8ncia regular, constant, que la persona gran pugui anticipar.  <\/p>\n<p dir=\"ltr\">Algunes coses que marquen difer\u00e8ncia real:<\/p>\n<p dir=\"ltr\"><strong>Rutina de contacte predictible.<\/strong>  No es tracta de trucar m\u00e9s, sin\u00f3 de trucar sempre a la mateixa hora. La persona gran sap que a les 11 del mat\u00ed tindr\u00e0 not\u00edcies seves. Aix\u00f2 estructura el dia.  <\/p>\n<p dir=\"ltr\"><strong>Afavorir la sortida i lactivitat.<\/strong>  Els centres de dia, els grups de gent gran als barris de Barcelona, \u200b\u200bles activitats culturals de l&#8217;Ajuntament \u2014 tot all\u00f2 que tregui el seu familiar de les quatre parets i ho posi en contacte amb altres persones.<\/p>\n<p dir=\"ltr\"><strong>No sobreprotegir.<\/strong>  La tend\u00e8ncia natural \u00e9s voler resoldre-ho tot. Per\u00f2 l&#8217;autonomia \u2013fer la compra, preparar el caf\u00e8, decidir qu\u00e8 veure\u2013 tamb\u00e9 \u00e9s connexi\u00f3 amb la vida. No us tregui el que encara podeu fer.  <\/p>\n<p dir=\"ltr\"><strong>Parlar de deb\u00f2.<\/strong>  No nom\u00e9s preguntar \u00abest\u00e0s b\u00e9?\u00bb. Preguntar \u00abqu\u00e8 has pensat avui?\u00bb, \u00abqu\u00e8 va ser el pitjor d&#8217;aquesta setmana?\u00bb. Les converses de deb\u00f2 s\u00f3n les que alimenten.  <\/p>\n<p dir=\"ltr\"><strong>I si vost\u00e8 no pot estar:<\/strong> buscar alg\u00fa que s\u00ed que pugui.<\/p>\n<hr>\n<h3 dir=\"ltr\">Quan demanar ajuda professional<\/h3>\n<p dir=\"ltr\">Hi ha moments en qu\u00e8 la fam\u00edlia no pot donar el que la persona gran necessita. No perqu\u00e8 no ho vulgui. Sin\u00f3 perqu\u00e8 viu lluny, treballa, t\u00e9 els seus propis fills, les seves pr\u00f2pies c\u00e0rregues.  <\/p>\n<p dir=\"ltr\">Una cuidadora que acompanya el familiar unes quantes hores al dia no \u00e9s un luxe. \u00c9s la difer\u00e8ncia entre un dia amb sentit i un dia que s?arrossega. <\/p>\n<p dir=\"ltr\">A Instituci\u00f3 Ibars portem m\u00e9s de vint anys acompanyant persones grans a Barcelona ia tot Catalunya. El nostre <a href=\"https:\/\/institucioibars.com\">servei d&#8217;acompanyament a gent gran<\/a> est\u00e0 pensat exactament per aix\u00f2: perqu\u00e8 el vostre familiar tingui alg\u00fa de confian\u00e7a present, que l&#8217;escolti, que surti amb ell o amb ella, que faci que el dia tingui estructura i connexi\u00f3. <\/p>\n<p dir=\"ltr\">Si us preocupa la situaci\u00f3 del vostre familiar, parlem-ne. Sense presses. <\/p>\n<hr>\n<h3 dir=\"ltr\">Preguntes freq\u00fcents<\/h3>\n<p dir=\"ltr\"><strong>La solitud pot empitjorar l&#8217;Alzheimer o altres dem\u00e8ncies?<\/strong><br \/>S\u00ed. Diversos estudis confirmen que l&#8217;a\u00efllament social accelera el deteriorament cognitiu. L&#8217;estimulaci\u00f3 que ve de la relaci\u00f3 amb altres persones \u2013conversa, activitat compartida, rutines\u2013 \u00e9s un dels factors que m\u00e9s protegeix la funci\u00f3 mental en persones grans.  <\/p>\n<p dir=\"ltr\"><strong>El meu familiar diu que est\u00e0 b\u00e9 i que no vol ajuda. Qu\u00e8 faig? <\/strong><br \/>\u00c9s una resposta habitual. Moltes persones grans no volen \u201cser una c\u00e0rrega\u201d o senten que demanar ajuda \u00e9s admetre una p\u00e8rdua. El m\u00e9s efica\u00e7 no \u00e9s insistir directament, sin\u00f3 comen\u00e7ar amb una cosa petita: una visita puntual, una activitat proposada com a pla, no com a servei. Quan s&#8217;estableix l&#8217;enlla\u00e7, la resist\u00e8ncia sol cedir.   <\/p>\n<p dir=\"ltr\"><strong>Hi ha recursos p\u00fablics a Barcelona per combatre la soledat en gent gran?<\/strong><br \/>S\u00ed. L&#8217;Ajuntament de Barcelona compta amb programes espec\u00edfics d&#8217;acompanyament a persones grans que viuen soles, centres de dia i activitats a centres c\u00edvics. A m\u00e9s, la Generalitat de Catalunya t\u00e9 programes lligats a la Llei de depend\u00e8ncia que poden incloure servei d&#8217;ajuda a domicili. A Instituci\u00f3 Ibars us podem orientar sobre quins recursos corresponen en cada cas.   <\/p>\n<hr>\n<p dir=\"ltr\">La solitud no \u00e9s inevitable. I no l&#8217;ha de gestionar sol. A Instituci\u00f3 Ibars som a Barcelona per acompanyar-lo a vost\u00e8 i al seu familiar.    <strong>Truqui&#8217;ns.<\/strong><\/p>\n\t\t\t\t\t\t<\/div>\n\t\t\t\t<\/div>\n\t\t\t\t\t<\/div>\n\t\t\t\t<\/div>\n\t\t\t\t<\/div>\n\t\t","protected":false},"excerpt":{"rendered":"<p>Hi ha cases que, des de fora, semblen normals. El pis \u00e9s net. La nevera t\u00e9 menjar. La persona gran diu que est\u00e0 b\u00e9. Per\u00f2 quan vost\u00e8 surt per la porta i baixa a l&#8217;ascensor, li pesa alguna cosa. Una sensaci\u00f3 que no sap gaire b\u00e9 com anomenar. All\u00f2 que sent t\u00e9 nom: solitud no<\/p>\n","protected":false},"author":2,"featured_media":69007,"comment_status":"closed","ping_status":"closed","sticky":false,"template":"","format":"standard","meta":{"site-sidebar-layout":"default","site-content-layout":"","ast-site-content-layout":"default","site-content-style":"default","site-sidebar-style":"default","ast-global-header-display":"","ast-banner-title-visibility":"","ast-main-header-display":"","ast-hfb-above-header-display":"","ast-hfb-below-header-display":"","ast-hfb-mobile-header-display":"","site-post-title":"","ast-breadcrumbs-content":"","ast-featured-img":"","footer-sml-layout":"","theme-transparent-header-meta":"","adv-header-id-meta":"","stick-header-meta":"","header-above-stick-meta":"","header-main-stick-meta":"","header-below-stick-meta":"","astra-migrate-meta-layouts":"default","ast-page-background-enabled":"default","ast-page-background-meta":{"desktop":{"background-color":"","background-image":"","background-repeat":"repeat","background-position":"center center","background-size":"auto","background-attachment":"scroll","background-type":"","background-media":"","overlay-type":"","overlay-color":"","overlay-opacity":"","overlay-gradient":""},"tablet":{"background-color":"","background-image":"","background-repeat":"repeat","background-position":"center center","background-size":"auto","background-attachment":"scroll","background-type":"","background-media":"","overlay-type":"","overlay-color":"","overlay-opacity":"","overlay-gradient":""},"mobile":{"background-color":"","background-image":"","background-repeat":"repeat","background-position":"center center","background-size":"auto","background-attachment":"scroll","background-type":"","background-media":"","overlay-type":"","overlay-color":"","overlay-opacity":"","overlay-gradient":""}},"ast-content-background-meta":{"desktop":{"background-color":"var(--ast-global-color-5)","background-image":"","background-repeat":"repeat","background-position":"center center","background-size":"auto","background-attachment":"scroll","background-type":"","background-media":"","overlay-type":"","overlay-color":"","overlay-opacity":"","overlay-gradient":""},"tablet":{"background-color":"var(--ast-global-color-5)","background-image":"","background-repeat":"repeat","background-position":"center center","background-size":"auto","background-attachment":"scroll","background-type":"","background-media":"","overlay-type":"","overlay-color":"","overlay-opacity":"","overlay-gradient":""},"mobile":{"background-color":"var(--ast-global-color-5)","background-image":"","background-repeat":"repeat","background-position":"center center","background-size":"auto","background-attachment":"scroll","background-type":"","background-media":"","overlay-type":"","overlay-color":"","overlay-opacity":"","overlay-gradient":""}},"_themeisle_gutenberg_block_has_review":false,"footnotes":""},"categories":[432,1],"tags":[490,489,477,486,488,487],"class_list":["post-69008","post","type-post","status-publish","format-standard","has-post-thumbnail","hentry","category-assessorament","category-sin-categorizar","tag-acompanyament-majors","tag-aillament-social","tag-barcelona-ca","tag-gent-gran","tag-salut-mental-majors","tag-solitud-no-desitjada"],"yoast_head":"<!-- This site is optimized with the Yoast SEO plugin v23.7 - https:\/\/yoast.com\/wordpress\/plugins\/seo\/ -->\n<title>Soledat no desitjada en gent gran: com recon\u00e8ixer-la i qu\u00e8 fer a Barcelona - Institucio Ibars<\/title>\n<meta name=\"description\" content=\"La solitud no desitjada afecta el 20% dels m\u00e9s grans de 75 anys. Aprendre a recon\u00e8ixer-la i qu\u00e8 pot fer la fam\u00edlia. Instituci\u00f3 Ibars, acompanyament a gent gran a Barcelona.\" \/>\n<meta name=\"robots\" content=\"index, follow, max-snippet:-1, max-image-preview:large, max-video-preview:-1\" \/>\n<link rel=\"canonical\" href=\"https:\/\/www.institucioibars.com\/ca\/soledat-no-desitjada-en-gent-gran-com-reconeixer-la-i-que-fer-a-barcelona\/\" \/>\n<meta property=\"og:locale\" content=\"ca_ES\" \/>\n<meta property=\"og:type\" content=\"article\" \/>\n<meta property=\"og:title\" content=\"Soledat no desitjada en gent gran: com recon\u00e8ixer-la i qu\u00e8 fer a Barcelona - Institucio Ibars\" \/>\n<meta property=\"og:description\" content=\"La solitud no desitjada afecta el 20% dels m\u00e9s grans de 75 anys. Aprendre a recon\u00e8ixer-la i qu\u00e8 pot fer la fam\u00edlia. Instituci\u00f3 Ibars, acompanyament a gent gran a Barcelona.\" \/>\n<meta property=\"og:url\" content=\"https:\/\/www.institucioibars.com\/ca\/soledat-no-desitjada-en-gent-gran-com-reconeixer-la-i-que-fer-a-barcelona\/\" \/>\n<meta property=\"og:site_name\" content=\"Institucio Ibars\" \/>\n<meta property=\"article:publisher\" content=\"https:\/\/www.facebook.com\/InstitucioIbars\" \/>\n<meta property=\"article:published_time\" content=\"2026-09-03T14:17:40+00:00\" \/>\n<meta property=\"article:modified_time\" content=\"2026-09-03T16:32:21+00:00\" \/>\n<meta property=\"og:image\" content=\"https:\/\/www.institucioibars.com\/wp-content\/uploads\/2026\/09\/Disfagia-en-personas-mayores-3-1024x541.png\" \/>\n\t<meta property=\"og:image:width\" content=\"1024\" \/>\n\t<meta property=\"og:image:height\" content=\"541\" \/>\n\t<meta property=\"og:image:type\" content=\"image\/png\" \/>\n<meta name=\"author\" content=\"Institucio Ibars\" \/>\n<meta name=\"twitter:card\" content=\"summary_large_image\" \/>\n<meta name=\"twitter:label1\" content=\"Escrit per\" \/>\n\t<meta name=\"twitter:data1\" content=\"Institucio Ibars\" \/>\n\t<meta name=\"twitter:label2\" content=\"Temps estimat de lectura\" \/>\n\t<meta name=\"twitter:data2\" content=\"6 minuts\" \/>\n<script type=\"application\/ld+json\" class=\"yoast-schema-graph\">{\"@context\":\"https:\/\/schema.org\",\"@graph\":[{\"@type\":\"Article\",\"@id\":\"https:\/\/www.institucioibars.com\/ca\/soledat-no-desitjada-en-gent-gran-com-reconeixer-la-i-que-fer-a-barcelona\/#article\",\"isPartOf\":{\"@id\":\"https:\/\/www.institucioibars.com\/ca\/soledat-no-desitjada-en-gent-gran-com-reconeixer-la-i-que-fer-a-barcelona\/\"},\"author\":{\"name\":\"Institucio Ibars\",\"@id\":\"https:\/\/www.institucioibars.com\/ca\/#\/schema\/person\/cdae093f5b5333bdca1e690c848585f4\"},\"headline\":\"Soledat no desitjada en gent gran: com recon\u00e8ixer-la i qu\u00e8 fer a Barcelona\",\"datePublished\":\"2026-09-03T14:17:40+00:00\",\"dateModified\":\"2026-09-03T16:32:21+00:00\",\"mainEntityOfPage\":{\"@id\":\"https:\/\/www.institucioibars.com\/ca\/soledat-no-desitjada-en-gent-gran-com-reconeixer-la-i-que-fer-a-barcelona\/\"},\"wordCount\":1215,\"publisher\":{\"@id\":\"https:\/\/www.institucioibars.com\/ca\/#organization\"},\"image\":{\"@id\":\"https:\/\/www.institucioibars.com\/ca\/soledat-no-desitjada-en-gent-gran-com-reconeixer-la-i-que-fer-a-barcelona\/#primaryimage\"},\"thumbnailUrl\":\"https:\/\/www.institucioibars.com\/wp-content\/uploads\/2026\/09\/Disfagia-en-personas-mayores-3-scaled.png\",\"keywords\":[\"acompanyament majors\",\"a\u00efllament social\",\"Barcelona\",\"gent gran\",\"salut mental majors\",\"solitud no desitjada\"],\"articleSection\":[\"Assessorament\",\"Sin categorizar\"],\"inLanguage\":\"ca\"},{\"@type\":\"WebPage\",\"@id\":\"https:\/\/www.institucioibars.com\/ca\/soledat-no-desitjada-en-gent-gran-com-reconeixer-la-i-que-fer-a-barcelona\/\",\"url\":\"https:\/\/www.institucioibars.com\/ca\/soledat-no-desitjada-en-gent-gran-com-reconeixer-la-i-que-fer-a-barcelona\/\",\"name\":\"Soledat no desitjada en gent gran: com recon\u00e8ixer-la i qu\u00e8 fer a Barcelona - Institucio Ibars\",\"isPartOf\":{\"@id\":\"https:\/\/www.institucioibars.com\/ca\/#website\"},\"primaryImageOfPage\":{\"@id\":\"https:\/\/www.institucioibars.com\/ca\/soledat-no-desitjada-en-gent-gran-com-reconeixer-la-i-que-fer-a-barcelona\/#primaryimage\"},\"image\":{\"@id\":\"https:\/\/www.institucioibars.com\/ca\/soledat-no-desitjada-en-gent-gran-com-reconeixer-la-i-que-fer-a-barcelona\/#primaryimage\"},\"thumbnailUrl\":\"https:\/\/www.institucioibars.com\/wp-content\/uploads\/2026\/09\/Disfagia-en-personas-mayores-3-scaled.png\",\"datePublished\":\"2026-09-03T14:17:40+00:00\",\"dateModified\":\"2026-09-03T16:32:21+00:00\",\"description\":\"La solitud no desitjada afecta el 20% dels m\u00e9s grans de 75 anys. Aprendre a recon\u00e8ixer-la i qu\u00e8 pot fer la fam\u00edlia. Instituci\u00f3 Ibars, acompanyament a gent gran a Barcelona.\",\"breadcrumb\":{\"@id\":\"https:\/\/www.institucioibars.com\/ca\/soledat-no-desitjada-en-gent-gran-com-reconeixer-la-i-que-fer-a-barcelona\/#breadcrumb\"},\"inLanguage\":\"ca\",\"potentialAction\":[{\"@type\":\"ReadAction\",\"target\":[\"https:\/\/www.institucioibars.com\/ca\/soledat-no-desitjada-en-gent-gran-com-reconeixer-la-i-que-fer-a-barcelona\/\"]}]},{\"@type\":\"ImageObject\",\"inLanguage\":\"ca\",\"@id\":\"https:\/\/www.institucioibars.com\/ca\/soledat-no-desitjada-en-gent-gran-com-reconeixer-la-i-que-fer-a-barcelona\/#primaryimage\",\"url\":\"https:\/\/www.institucioibars.com\/wp-content\/uploads\/2026\/09\/Disfagia-en-personas-mayores-3-scaled.png\",\"contentUrl\":\"https:\/\/www.institucioibars.com\/wp-content\/uploads\/2026\/09\/Disfagia-en-personas-mayores-3-scaled.png\",\"width\":2560,\"height\":1352},{\"@type\":\"BreadcrumbList\",\"@id\":\"https:\/\/www.institucioibars.com\/ca\/soledat-no-desitjada-en-gent-gran-com-reconeixer-la-i-que-fer-a-barcelona\/#breadcrumb\",\"itemListElement\":[{\"@type\":\"ListItem\",\"position\":1,\"name\":\"Portada\",\"item\":\"https:\/\/www.institucioibars.com\/ca\/\"},{\"@type\":\"ListItem\",\"position\":2,\"name\":\"Soledat no desitjada en gent gran: com recon\u00e8ixer-la i qu\u00e8 fer a Barcelona\"}]},{\"@type\":\"WebSite\",\"@id\":\"https:\/\/www.institucioibars.com\/ca\/#website\",\"url\":\"https:\/\/www.institucioibars.com\/ca\/\",\"name\":\"Institucio Ibars\",\"description\":\"Cuidado de personas mayores y ancianos a Domicilio\",\"publisher\":{\"@id\":\"https:\/\/www.institucioibars.com\/ca\/#organization\"},\"alternateName\":\"Ibars cuidado a mayores\",\"potentialAction\":[{\"@type\":\"SearchAction\",\"target\":{\"@type\":\"EntryPoint\",\"urlTemplate\":\"https:\/\/www.institucioibars.com\/ca\/?s={search_term_string}\"},\"query-input\":{\"@type\":\"PropertyValueSpecification\",\"valueRequired\":true,\"valueName\":\"search_term_string\"}}],\"inLanguage\":\"ca\"},{\"@type\":\"Organization\",\"@id\":\"https:\/\/www.institucioibars.com\/ca\/#organization\",\"name\":\"Instituci\u00f3 Ibars\",\"alternateName\":\"Associacio INSTITUCIO IBARS\",\"url\":\"https:\/\/www.institucioibars.com\/ca\/\",\"logo\":{\"@type\":\"ImageObject\",\"inLanguage\":\"ca\",\"@id\":\"https:\/\/www.institucioibars.com\/ca\/#\/schema\/logo\/image\/\",\"url\":\"https:\/\/www.institucioibars.com\/wp-content\/uploads\/2024\/02\/institucio-ibars-logo.png\",\"contentUrl\":\"https:\/\/www.institucioibars.com\/wp-content\/uploads\/2024\/02\/institucio-ibars-logo.png\",\"width\":250,\"height\":78,\"caption\":\"Instituci\u00f3 Ibars\"},\"image\":{\"@id\":\"https:\/\/www.institucioibars.com\/ca\/#\/schema\/logo\/image\/\"},\"sameAs\":[\"https:\/\/www.facebook.com\/InstitucioIbars\"]},{\"@type\":\"Person\",\"@id\":\"https:\/\/www.institucioibars.com\/ca\/#\/schema\/person\/cdae093f5b5333bdca1e690c848585f4\",\"name\":\"Institucio Ibars\",\"image\":{\"@type\":\"ImageObject\",\"inLanguage\":\"ca\",\"@id\":\"https:\/\/www.institucioibars.com\/ca\/#\/schema\/person\/image\/\",\"url\":\"https:\/\/secure.gravatar.com\/avatar\/b7afb2c65c1a8b8131b40db1e2dfe63c1e038ae1cac2cda90a59079dd0d9ef09?s=96&d=mm&r=g\",\"contentUrl\":\"https:\/\/secure.gravatar.com\/avatar\/b7afb2c65c1a8b8131b40db1e2dfe63c1e038ae1cac2cda90a59079dd0d9ef09?s=96&d=mm&r=g\",\"caption\":\"Institucio Ibars\"},\"url\":\"https:\/\/www.institucioibars.com\/ca\/author\/jmartin\/\"}]}<\/script>\n<!-- \/ Yoast SEO plugin. -->","yoast_head_json":{"title":"Soledat no desitjada en gent gran: com recon\u00e8ixer-la i qu\u00e8 fer a Barcelona - Institucio Ibars","description":"La solitud no desitjada afecta el 20% dels m\u00e9s grans de 75 anys. Aprendre a recon\u00e8ixer-la i qu\u00e8 pot fer la fam\u00edlia. Instituci\u00f3 Ibars, acompanyament a gent gran a Barcelona.","robots":{"index":"index","follow":"follow","max-snippet":"max-snippet:-1","max-image-preview":"max-image-preview:large","max-video-preview":"max-video-preview:-1"},"canonical":"https:\/\/www.institucioibars.com\/ca\/soledat-no-desitjada-en-gent-gran-com-reconeixer-la-i-que-fer-a-barcelona\/","og_locale":"ca_ES","og_type":"article","og_title":"Soledat no desitjada en gent gran: com recon\u00e8ixer-la i qu\u00e8 fer a Barcelona - Institucio Ibars","og_description":"La solitud no desitjada afecta el 20% dels m\u00e9s grans de 75 anys. Aprendre a recon\u00e8ixer-la i qu\u00e8 pot fer la fam\u00edlia. Instituci\u00f3 Ibars, acompanyament a gent gran a Barcelona.","og_url":"https:\/\/www.institucioibars.com\/ca\/soledat-no-desitjada-en-gent-gran-com-reconeixer-la-i-que-fer-a-barcelona\/","og_site_name":"Institucio Ibars","article_publisher":"https:\/\/www.facebook.com\/InstitucioIbars","article_published_time":"2026-09-03T14:17:40+00:00","article_modified_time":"2026-09-03T16:32:21+00:00","og_image":[{"width":1024,"height":541,"url":"https:\/\/www.institucioibars.com\/wp-content\/uploads\/2026\/09\/Disfagia-en-personas-mayores-3-1024x541.png","type":"image\/png"}],"author":"Institucio Ibars","twitter_card":"summary_large_image","twitter_misc":{"Escrit per":"Institucio Ibars","Temps estimat de lectura":"6 minuts"},"schema":{"@context":"https:\/\/schema.org","@graph":[{"@type":"Article","@id":"https:\/\/www.institucioibars.com\/ca\/soledat-no-desitjada-en-gent-gran-com-reconeixer-la-i-que-fer-a-barcelona\/#article","isPartOf":{"@id":"https:\/\/www.institucioibars.com\/ca\/soledat-no-desitjada-en-gent-gran-com-reconeixer-la-i-que-fer-a-barcelona\/"},"author":{"name":"Institucio Ibars","@id":"https:\/\/www.institucioibars.com\/ca\/#\/schema\/person\/cdae093f5b5333bdca1e690c848585f4"},"headline":"Soledat no desitjada en gent gran: com recon\u00e8ixer-la i qu\u00e8 fer a Barcelona","datePublished":"2026-09-03T14:17:40+00:00","dateModified":"2026-09-03T16:32:21+00:00","mainEntityOfPage":{"@id":"https:\/\/www.institucioibars.com\/ca\/soledat-no-desitjada-en-gent-gran-com-reconeixer-la-i-que-fer-a-barcelona\/"},"wordCount":1215,"publisher":{"@id":"https:\/\/www.institucioibars.com\/ca\/#organization"},"image":{"@id":"https:\/\/www.institucioibars.com\/ca\/soledat-no-desitjada-en-gent-gran-com-reconeixer-la-i-que-fer-a-barcelona\/#primaryimage"},"thumbnailUrl":"https:\/\/www.institucioibars.com\/wp-content\/uploads\/2026\/09\/Disfagia-en-personas-mayores-3-scaled.png","keywords":["acompanyament majors","a\u00efllament social","Barcelona","gent gran","salut mental majors","solitud no desitjada"],"articleSection":["Assessorament","Sin categorizar"],"inLanguage":"ca"},{"@type":"WebPage","@id":"https:\/\/www.institucioibars.com\/ca\/soledat-no-desitjada-en-gent-gran-com-reconeixer-la-i-que-fer-a-barcelona\/","url":"https:\/\/www.institucioibars.com\/ca\/soledat-no-desitjada-en-gent-gran-com-reconeixer-la-i-que-fer-a-barcelona\/","name":"Soledat no desitjada en gent gran: com recon\u00e8ixer-la i qu\u00e8 fer a Barcelona - Institucio Ibars","isPartOf":{"@id":"https:\/\/www.institucioibars.com\/ca\/#website"},"primaryImageOfPage":{"@id":"https:\/\/www.institucioibars.com\/ca\/soledat-no-desitjada-en-gent-gran-com-reconeixer-la-i-que-fer-a-barcelona\/#primaryimage"},"image":{"@id":"https:\/\/www.institucioibars.com\/ca\/soledat-no-desitjada-en-gent-gran-com-reconeixer-la-i-que-fer-a-barcelona\/#primaryimage"},"thumbnailUrl":"https:\/\/www.institucioibars.com\/wp-content\/uploads\/2026\/09\/Disfagia-en-personas-mayores-3-scaled.png","datePublished":"2026-09-03T14:17:40+00:00","dateModified":"2026-09-03T16:32:21+00:00","description":"La solitud no desitjada afecta el 20% dels m\u00e9s grans de 75 anys. Aprendre a recon\u00e8ixer-la i qu\u00e8 pot fer la fam\u00edlia. Instituci\u00f3 Ibars, acompanyament a gent gran a Barcelona.","breadcrumb":{"@id":"https:\/\/www.institucioibars.com\/ca\/soledat-no-desitjada-en-gent-gran-com-reconeixer-la-i-que-fer-a-barcelona\/#breadcrumb"},"inLanguage":"ca","potentialAction":[{"@type":"ReadAction","target":["https:\/\/www.institucioibars.com\/ca\/soledat-no-desitjada-en-gent-gran-com-reconeixer-la-i-que-fer-a-barcelona\/"]}]},{"@type":"ImageObject","inLanguage":"ca","@id":"https:\/\/www.institucioibars.com\/ca\/soledat-no-desitjada-en-gent-gran-com-reconeixer-la-i-que-fer-a-barcelona\/#primaryimage","url":"https:\/\/www.institucioibars.com\/wp-content\/uploads\/2026\/09\/Disfagia-en-personas-mayores-3-scaled.png","contentUrl":"https:\/\/www.institucioibars.com\/wp-content\/uploads\/2026\/09\/Disfagia-en-personas-mayores-3-scaled.png","width":2560,"height":1352},{"@type":"BreadcrumbList","@id":"https:\/\/www.institucioibars.com\/ca\/soledat-no-desitjada-en-gent-gran-com-reconeixer-la-i-que-fer-a-barcelona\/#breadcrumb","itemListElement":[{"@type":"ListItem","position":1,"name":"Portada","item":"https:\/\/www.institucioibars.com\/ca\/"},{"@type":"ListItem","position":2,"name":"Soledat no desitjada en gent gran: com recon\u00e8ixer-la i qu\u00e8 fer a Barcelona"}]},{"@type":"WebSite","@id":"https:\/\/www.institucioibars.com\/ca\/#website","url":"https:\/\/www.institucioibars.com\/ca\/","name":"Institucio Ibars","description":"Cuidado de personas mayores y ancianos a Domicilio","publisher":{"@id":"https:\/\/www.institucioibars.com\/ca\/#organization"},"alternateName":"Ibars cuidado a mayores","potentialAction":[{"@type":"SearchAction","target":{"@type":"EntryPoint","urlTemplate":"https:\/\/www.institucioibars.com\/ca\/?s={search_term_string}"},"query-input":{"@type":"PropertyValueSpecification","valueRequired":true,"valueName":"search_term_string"}}],"inLanguage":"ca"},{"@type":"Organization","@id":"https:\/\/www.institucioibars.com\/ca\/#organization","name":"Instituci\u00f3 Ibars","alternateName":"Associacio INSTITUCIO IBARS","url":"https:\/\/www.institucioibars.com\/ca\/","logo":{"@type":"ImageObject","inLanguage":"ca","@id":"https:\/\/www.institucioibars.com\/ca\/#\/schema\/logo\/image\/","url":"https:\/\/www.institucioibars.com\/wp-content\/uploads\/2024\/02\/institucio-ibars-logo.png","contentUrl":"https:\/\/www.institucioibars.com\/wp-content\/uploads\/2024\/02\/institucio-ibars-logo.png","width":250,"height":78,"caption":"Instituci\u00f3 Ibars"},"image":{"@id":"https:\/\/www.institucioibars.com\/ca\/#\/schema\/logo\/image\/"},"sameAs":["https:\/\/www.facebook.com\/InstitucioIbars"]},{"@type":"Person","@id":"https:\/\/www.institucioibars.com\/ca\/#\/schema\/person\/cdae093f5b5333bdca1e690c848585f4","name":"Institucio Ibars","image":{"@type":"ImageObject","inLanguage":"ca","@id":"https:\/\/www.institucioibars.com\/ca\/#\/schema\/person\/image\/","url":"https:\/\/secure.gravatar.com\/avatar\/b7afb2c65c1a8b8131b40db1e2dfe63c1e038ae1cac2cda90a59079dd0d9ef09?s=96&d=mm&r=g","contentUrl":"https:\/\/secure.gravatar.com\/avatar\/b7afb2c65c1a8b8131b40db1e2dfe63c1e038ae1cac2cda90a59079dd0d9ef09?s=96&d=mm&r=g","caption":"Institucio Ibars"},"url":"https:\/\/www.institucioibars.com\/ca\/author\/jmartin\/"}]}},"_links":{"self":[{"href":"https:\/\/www.institucioibars.com\/ca\/wp-json\/wp\/v2\/posts\/69008","targetHints":{"allow":["GET"]}}],"collection":[{"href":"https:\/\/www.institucioibars.com\/ca\/wp-json\/wp\/v2\/posts"}],"about":[{"href":"https:\/\/www.institucioibars.com\/ca\/wp-json\/wp\/v2\/types\/post"}],"author":[{"embeddable":true,"href":"https:\/\/www.institucioibars.com\/ca\/wp-json\/wp\/v2\/users\/2"}],"replies":[{"embeddable":true,"href":"https:\/\/www.institucioibars.com\/ca\/wp-json\/wp\/v2\/comments?post=69008"}],"version-history":[{"count":1,"href":"https:\/\/www.institucioibars.com\/ca\/wp-json\/wp\/v2\/posts\/69008\/revisions"}],"predecessor-version":[{"id":69009,"href":"https:\/\/www.institucioibars.com\/ca\/wp-json\/wp\/v2\/posts\/69008\/revisions\/69009"}],"wp:featuredmedia":[{"embeddable":true,"href":"https:\/\/www.institucioibars.com\/ca\/wp-json\/wp\/v2\/media\/69007"}],"wp:attachment":[{"href":"https:\/\/www.institucioibars.com\/ca\/wp-json\/wp\/v2\/media?parent=69008"}],"wp:term":[{"taxonomy":"category","embeddable":true,"href":"https:\/\/www.institucioibars.com\/ca\/wp-json\/wp\/v2\/categories?post=69008"},{"taxonomy":"post_tag","embeddable":true,"href":"https:\/\/www.institucioibars.com\/ca\/wp-json\/wp\/v2\/tags?post=69008"}],"curies":[{"name":"wp","href":"https:\/\/api.w.org\/{rel}","templated":true}]}}